{"id":13689,"date":"2019-08-01T16:52:34","date_gmt":"2019-08-01T16:52:34","guid":{"rendered":"https:\/\/park-palic.rs\/a-the-colors-of-the-box-cimu-musor-athelyezese\/"},"modified":"2026-03-19T13:26:04","modified_gmt":"2026-03-19T13:26:04","slug":"a-the-colors-of-the-box-cimu-musor-athelyezese","status":"publish","type":"post","link":"https:\/\/park-palic.rs\/hu\/a-the-colors-of-the-box-cimu-musor-athelyezese\/","title":{"rendered":"A &#8222;The Colors of the Box&#8221; c\u00edm\u0171 m\u0171sor \u00e1thelyez\u00e9se"},"content":{"rendered":"\n<p style=\"text-align: justify;\">A Szabadka \u00e9s Palics k\u00f6rny\u00e9k\u00e9n 2019. augusztus 2-\u00e1n, p\u00e9nteken v\u00e1rhat\u00f3 es\u0151 \u00e9s kedvez\u0151tlen id\u0151j\u00e1r\u00e1si k\u00f6r\u00fclm\u00e9nyek miatt a Park Pali\u0107, mint a &#8222;A f\u00e9szer sz\u00ednei&#8221; c\u00edm\u0171 darab szervez\u0151je, \u00fagy d\u00f6nt\u00f6tt, hogy azt 2019. augusztus 5-\u00e9n, h\u00e9tf\u0151n tartj\u00e1k. Az el\u0151ad\u00e1sra a palicsi Ny\u00e1ri Sz\u00ednpadon ker\u00fcl sor, este 8:30-as kezdettel.  <\/p>\n<p style=\"text-align: center;\">\n\n<p style=\"text-align: justify;\">Minden megv\u00e1s\u00e1rolt jegy \u00e9rv\u00e9nyes lesz az el\u0151ad\u00e1s alatt, \u00e9s mindazok, akik m\u00e9gsem tudnak r\u00e9szt venni az el\u0151ad\u00e1son, de m\u00e1r megv\u00e1s\u00e1rolt\u00e1k jegyeiket, visszav\u00e1lthatj\u00e1k azokat a v\u00e9tel\u00e1r visszat\u00e9r\u00edt\u00e9se \u00e9rdek\u00e9ben.<\/p>\n\n<p style=\"text-align: justify;\">A Zvonko Bogdan Pinc\u00e9szet Borboltj\u00e1ban (Matije Korvina 12, Rudi\u0107 utca 1.) v\u00e1s\u00e1rolt jegyek h\u00e9tk\u00f6znapokon 7:30 \u00e9s 15:30 k\u00f6z\u00f6tt a Park Pali\u0107 Kft. telephely\u00e9n v\u00e1lthat\u00f3k vissza. A visszat\u00e9r\u00edt\u00e9shez a megv\u00e1s\u00e1rolt jegyet be kell mutatni ellen\u0151rz\u00e9sre, amelyet munkat\u00e1rsaink meg\u0151riznek. <\/p>\n\n<p style=\"text-align: justify;\">Az online, a www.tickets.rs weboldalon kereszt\u00fcl vagy a Ticket Vision \u00e9rt\u00e9kes\u00edt\u00e9si pontjain (Laguna K\u00f6nyvesbolt, OMV pump\u00e1k, Exclusive Change 5 p\u00e9nzv\u00e1lt\u00f3 a Roda piacon) v\u00e1s\u00e1rolt jegyek a k\u00f6vetkez\u0151 m\u00f3don v\u00e1lthat\u00f3k vissza: K\u00fcldje el a jegyeket a mell\u00e9klettel (vezet\u00e9kn\u00e9v, keresztn\u00e9v \u00e9s foly\u00f3sz\u00e1mlasz\u00e1m) egy bor\u00edt\u00e9kban a k\u00f6vetkez\u0151 c\u00edmre:<\/p>\n\n<p>Ticket Vision Kft.<\/p>\n\n<p>Arsenija \u010carnojevi\u0107a k\u00f6r\u00fat 58<\/p>\n\n<p>11070 Belgr\u00e1d<\/p>\n\n<p style=\"text-align: justify;\">A p\u00e9nzt a lehet\u0151 leghamarabb kifizetj\u00fck, tov\u00e1bbi inform\u00e1ci\u00f3\u00e9rt h\u00edvja a 0900-11-00 11-es call center telefonsz\u00e1mot, vagy k\u00fcldj\u00f6n e-mailt <a href=\"mailto:office@tickets.rs\">az office@tickets.rs c\u00edmre.<\/a><\/p>\n\n<p style=\"text-align: justify;\">A \u201eA f\u00e9szer sz\u00ednei\u201d c\u00edm\u0171 el\u0151ad\u00e1sra megv\u00e1ltott jegyek a Park Pali\u0107 Kft. \u00e1ltal szervezett j\u00f6v\u0151beli esem\u00e9nyekre nem \u00e9rv\u00e9nyesek.<\/p>\n\n<p style=\"text-align: justify;\">Minden k\u00e9rd\u00e9ssel, valamint tov\u00e1bbi inform\u00e1ci\u00f3kkal kapcsolatban e-mailben az office@park-palic.rs c\u00edmen vagy telefonon a 024\/602-780; 065\/960-27-93 sz\u00e1mon veheti fel vel\u00fcnk a kapcsolatot.<\/p>\n<\/p>\n\n<figure class=\"wp-block-embed-youtube wp-block-embed is-type-video is-provider-youtube wp-embed-aspect-4-3 wp-has-aspect-ratio img-fluid\">\n<div class=\"wp-block-embed__wrapper\"><iframe loading=\"lazy\" style=\"display: table; margin-left: auto; margin-right: auto;\" src=\"https:\/\/www.youtube.com\/embed\/6AL0QXF5L1M?feature=youtu\" width=\"560\" height=\"314\" allowfullscreen=\"allowfullscreen\"><\/iframe><\/div>\n<\/figure>\n","protected":false},"excerpt":{"rendered":"<p>A Szabadka \u00e9s Palics k\u00f6rny\u00e9k\u00e9n 2019. augusztus 2-\u00e1n, p\u00e9nteken v\u00e1rhat\u00f3 es\u0151 \u00e9s kedvez\u0151tlen id\u0151j\u00e1r\u00e1si k\u00f6r\u00fclm\u00e9nyek miatt a Park Pali\u0107, mint a &#8222;A f\u00e9szer sz\u00ednei&#8221; c\u00edm\u0171 darab szervez\u0151je, \u00fagy d\u00f6nt\u00f6tt, hogy azt 2019. augusztus 5-\u00e9n, h\u00e9tf\u0151n tartj\u00e1k. Az el\u0151ad\u00e1sra a palicsi Ny\u00e1ri Sz\u00ednpadon ker\u00fcl sor, este 8:30-as kezdettel. Minden megv\u00e1s\u00e1rolt jegy \u00e9rv\u00e9nyes lesz az el\u0151ad\u00e1s alatt, [&hellip;]<\/p>\n","protected":false},"author":1,"featured_media":7616,"comment_status":"open","ping_status":"open","sticky":false,"template":"","format":"standard","meta":{"_acf_changed":false,"inline_featured_image":false,"footnotes":""},"categories":[46],"tags":[],"class_list":["post-13689","post","type-post","status-publish","format-standard","has-post-thumbnail","hentry","category-vesti-hu"],"acf":[],"yoast_head":"<!-- This site is optimized with the Yoast SEO plugin v27.1.1 - https:\/\/yoast.com\/product\/yoast-seo-wordpress\/ -->\n<title>A &quot;The Colors of the Box&quot; c\u00edm\u0171 m\u0171sor \u00e1thelyez\u00e9se - Park Pali\u0107<\/title>\n<meta name=\"robots\" content=\"index, follow, max-snippet:-1, max-image-preview:large, max-video-preview:-1\" \/>\n<link rel=\"canonical\" href=\"https:\/\/park-palic.rs\/hu\/a-the-colors-of-the-box-cimu-musor-athelyezese\/\" \/>\n<meta property=\"og:locale\" content=\"hu_HU\" \/>\n<meta property=\"og:type\" content=\"article\" \/>\n<meta property=\"og:title\" content=\"A &quot;The Colors of the Box&quot; c\u00edm\u0171 m\u0171sor \u00e1thelyez\u00e9se - Park Pali\u0107\" \/>\n<meta property=\"og:description\" content=\"A Szabadka \u00e9s Palics k\u00f6rny\u00e9k\u00e9n 2019. augusztus 2-\u00e1n, p\u00e9nteken v\u00e1rhat\u00f3 es\u0151 \u00e9s kedvez\u0151tlen id\u0151j\u00e1r\u00e1si k\u00f6r\u00fclm\u00e9nyek miatt a Park Pali\u0107, mint a &#8222;A f\u00e9szer sz\u00ednei&#8221; c\u00edm\u0171 darab szervez\u0151je, \u00fagy d\u00f6nt\u00f6tt, hogy azt 2019. augusztus 5-\u00e9n, h\u00e9tf\u0151n tartj\u00e1k. Az el\u0151ad\u00e1sra a palicsi Ny\u00e1ri Sz\u00ednpadon ker\u00fcl sor, este 8:30-as kezdettel. Minden megv\u00e1s\u00e1rolt jegy \u00e9rv\u00e9nyes lesz az el\u0151ad\u00e1s alatt, [&hellip;]\" \/>\n<meta property=\"og:url\" content=\"https:\/\/park-palic.rs\/hu\/a-the-colors-of-the-box-cimu-musor-athelyezese\/\" \/>\n<meta property=\"og:site_name\" content=\"Park Pali\u0107\" \/>\n<meta property=\"article:publisher\" content=\"https:\/\/www.facebook.com\/ParkPalic\/\" \/>\n<meta property=\"article:published_time\" content=\"2019-08-01T16:52:34+00:00\" \/>\n<meta property=\"article:modified_time\" content=\"2026-03-19T13:26:04+00:00\" \/>\n<meta property=\"og:image\" content=\"https:\/\/park-palic.rs\/wp-content\/uploads\/2019\/08\/578_1-2.jpg\" \/>\n\t<meta property=\"og:image:width\" content=\"640\" \/>\n\t<meta property=\"og:image:height\" content=\"480\" \/>\n\t<meta property=\"og:image:type\" content=\"image\/jpeg\" \/>\n<meta name=\"author\" content=\"master\" \/>\n<meta name=\"twitter:card\" content=\"summary_large_image\" \/>\n<meta name=\"twitter:label1\" content=\"Szerz\u0151:\" \/>\n\t<meta name=\"twitter:data1\" content=\"master\" \/>\n\t<meta name=\"twitter:label2\" content=\"Becs\u00fclt olvas\u00e1si id\u0151\" \/>\n\t<meta name=\"twitter:data2\" content=\"2 perc\" \/>\n<script type=\"application\/ld+json\" class=\"yoast-schema-graph\">{\"@context\":\"https:\/\/schema.org\",\"@graph\":[{\"@type\":\"Article\",\"@id\":\"https:\/\/park-palic.rs\/hu\/a-the-colors-of-the-box-cimu-musor-athelyezese\/#article\",\"isPartOf\":{\"@id\":\"https:\/\/park-palic.rs\/hu\/a-the-colors-of-the-box-cimu-musor-athelyezese\/\"},\"author\":{\"name\":\"master\",\"@id\":\"https:\/\/park-palic.rs\/#\/schema\/person\/6b052e48a70e5de1c2868efc79554c47\"},\"headline\":\"A &#8222;The Colors of the Box&#8221; c\u00edm\u0171 m\u0171sor \u00e1thelyez\u00e9se\",\"datePublished\":\"2019-08-01T16:52:34+00:00\",\"dateModified\":\"2026-03-19T13:26:04+00:00\",\"mainEntityOfPage\":{\"@id\":\"https:\/\/park-palic.rs\/hu\/a-the-colors-of-the-box-cimu-musor-athelyezese\/\"},\"wordCount\":363,\"commentCount\":0,\"image\":{\"@id\":\"https:\/\/park-palic.rs\/hu\/a-the-colors-of-the-box-cimu-musor-athelyezese\/#primaryimage\"},\"thumbnailUrl\":\"https:\/\/park-palic.rs\/wp-content\/uploads\/2019\/08\/578_1-2.jpg\",\"articleSection\":[\"H\u00edrek\"],\"inLanguage\":\"hu\",\"potentialAction\":[{\"@type\":\"CommentAction\",\"name\":\"Comment\",\"target\":[\"https:\/\/park-palic.rs\/hu\/a-the-colors-of-the-box-cimu-musor-athelyezese\/#respond\"]}]},{\"@type\":\"WebPage\",\"@id\":\"https:\/\/park-palic.rs\/hu\/a-the-colors-of-the-box-cimu-musor-athelyezese\/\",\"url\":\"https:\/\/park-palic.rs\/hu\/a-the-colors-of-the-box-cimu-musor-athelyezese\/\",\"name\":\"A \\\"The Colors of the Box\\\" c\u00edm\u0171 m\u0171sor \u00e1thelyez\u00e9se - Park Pali\u0107\",\"isPartOf\":{\"@id\":\"https:\/\/park-palic.rs\/#website\"},\"primaryImageOfPage\":{\"@id\":\"https:\/\/park-palic.rs\/hu\/a-the-colors-of-the-box-cimu-musor-athelyezese\/#primaryimage\"},\"image\":{\"@id\":\"https:\/\/park-palic.rs\/hu\/a-the-colors-of-the-box-cimu-musor-athelyezese\/#primaryimage\"},\"thumbnailUrl\":\"https:\/\/park-palic.rs\/wp-content\/uploads\/2019\/08\/578_1-2.jpg\",\"datePublished\":\"2019-08-01T16:52:34+00:00\",\"dateModified\":\"2026-03-19T13:26:04+00:00\",\"author\":{\"@id\":\"https:\/\/park-palic.rs\/#\/schema\/person\/6b052e48a70e5de1c2868efc79554c47\"},\"breadcrumb\":{\"@id\":\"https:\/\/park-palic.rs\/hu\/a-the-colors-of-the-box-cimu-musor-athelyezese\/#breadcrumb\"},\"inLanguage\":\"hu\",\"potentialAction\":[{\"@type\":\"ReadAction\",\"target\":[\"https:\/\/park-palic.rs\/hu\/a-the-colors-of-the-box-cimu-musor-athelyezese\/\"]}]},{\"@type\":\"ImageObject\",\"inLanguage\":\"hu\",\"@id\":\"https:\/\/park-palic.rs\/hu\/a-the-colors-of-the-box-cimu-musor-athelyezese\/#primaryimage\",\"url\":\"https:\/\/park-palic.rs\/wp-content\/uploads\/2019\/08\/578_1-2.jpg\",\"contentUrl\":\"https:\/\/park-palic.rs\/wp-content\/uploads\/2019\/08\/578_1-2.jpg\",\"width\":640,\"height\":480},{\"@type\":\"BreadcrumbList\",\"@id\":\"https:\/\/park-palic.rs\/hu\/a-the-colors-of-the-box-cimu-musor-athelyezese\/#breadcrumb\",\"itemListElement\":[{\"@type\":\"ListItem\",\"position\":1,\"name\":\"Po\u010detna\",\"item\":\"https:\/\/park-palic.rs\/hu\/park-palic-zvanicna-prezentacija\/\"},{\"@type\":\"ListItem\",\"position\":2,\"name\":\"A &#8222;The Colors of the Box&#8221; c\u00edm\u0171 m\u0171sor \u00e1thelyez\u00e9se\"}]},{\"@type\":\"WebSite\",\"@id\":\"https:\/\/park-palic.rs\/#website\",\"url\":\"https:\/\/park-palic.rs\/\",\"name\":\"Park Pali\u0107\",\"description\":\"\",\"potentialAction\":[{\"@type\":\"SearchAction\",\"target\":{\"@type\":\"EntryPoint\",\"urlTemplate\":\"https:\/\/park-palic.rs\/?s={search_term_string}\"},\"query-input\":{\"@type\":\"PropertyValueSpecification\",\"valueRequired\":true,\"valueName\":\"search_term_string\"}}],\"inLanguage\":\"hu\"},{\"@type\":\"Person\",\"@id\":\"https:\/\/park-palic.rs\/#\/schema\/person\/6b052e48a70e5de1c2868efc79554c47\",\"name\":\"master\",\"image\":{\"@type\":\"ImageObject\",\"inLanguage\":\"hu\",\"@id\":\"https:\/\/park-palic.rs\/#\/schema\/person\/image\/\",\"url\":\"https:\/\/secure.gravatar.com\/avatar\/034306be1231af192c04a87ff1df92844088c3ba951f6837b993dd6c6ffaac8b?s=96&d=mm&r=g\",\"contentUrl\":\"https:\/\/secure.gravatar.com\/avatar\/034306be1231af192c04a87ff1df92844088c3ba951f6837b993dd6c6ffaac8b?s=96&d=mm&r=g\",\"caption\":\"master\"},\"sameAs\":[\"http:\/\/localhost:8086\"],\"url\":\"https:\/\/park-palic.rs\/hu\/author\/master\/\"}]}<\/script>\n<!-- \/ Yoast SEO plugin. -->","yoast_head_json":{"title":"A \"The Colors of the Box\" c\u00edm\u0171 m\u0171sor \u00e1thelyez\u00e9se - Park Pali\u0107","robots":{"index":"index","follow":"follow","max-snippet":"max-snippet:-1","max-image-preview":"max-image-preview:large","max-video-preview":"max-video-preview:-1"},"canonical":"https:\/\/park-palic.rs\/hu\/a-the-colors-of-the-box-cimu-musor-athelyezese\/","og_locale":"hu_HU","og_type":"article","og_title":"A \"The Colors of the Box\" c\u00edm\u0171 m\u0171sor \u00e1thelyez\u00e9se - Park Pali\u0107","og_description":"A Szabadka \u00e9s Palics k\u00f6rny\u00e9k\u00e9n 2019. augusztus 2-\u00e1n, p\u00e9nteken v\u00e1rhat\u00f3 es\u0151 \u00e9s kedvez\u0151tlen id\u0151j\u00e1r\u00e1si k\u00f6r\u00fclm\u00e9nyek miatt a Park Pali\u0107, mint a &#8222;A f\u00e9szer sz\u00ednei&#8221; c\u00edm\u0171 darab szervez\u0151je, \u00fagy d\u00f6nt\u00f6tt, hogy azt 2019. augusztus 5-\u00e9n, h\u00e9tf\u0151n tartj\u00e1k. Az el\u0151ad\u00e1sra a palicsi Ny\u00e1ri Sz\u00ednpadon ker\u00fcl sor, este 8:30-as kezdettel. Minden megv\u00e1s\u00e1rolt jegy \u00e9rv\u00e9nyes lesz az el\u0151ad\u00e1s alatt, [&hellip;]","og_url":"https:\/\/park-palic.rs\/hu\/a-the-colors-of-the-box-cimu-musor-athelyezese\/","og_site_name":"Park Pali\u0107","article_publisher":"https:\/\/www.facebook.com\/ParkPalic\/","article_published_time":"2019-08-01T16:52:34+00:00","article_modified_time":"2026-03-19T13:26:04+00:00","og_image":[{"width":640,"height":480,"url":"https:\/\/park-palic.rs\/wp-content\/uploads\/2019\/08\/578_1-2.jpg","type":"image\/jpeg"}],"author":"master","twitter_card":"summary_large_image","twitter_misc":{"Szerz\u0151:":"master","Becs\u00fclt olvas\u00e1si id\u0151":"2 perc"},"schema":{"@context":"https:\/\/schema.org","@graph":[{"@type":"Article","@id":"https:\/\/park-palic.rs\/hu\/a-the-colors-of-the-box-cimu-musor-athelyezese\/#article","isPartOf":{"@id":"https:\/\/park-palic.rs\/hu\/a-the-colors-of-the-box-cimu-musor-athelyezese\/"},"author":{"name":"master","@id":"https:\/\/park-palic.rs\/#\/schema\/person\/6b052e48a70e5de1c2868efc79554c47"},"headline":"A &#8222;The Colors of the Box&#8221; c\u00edm\u0171 m\u0171sor \u00e1thelyez\u00e9se","datePublished":"2019-08-01T16:52:34+00:00","dateModified":"2026-03-19T13:26:04+00:00","mainEntityOfPage":{"@id":"https:\/\/park-palic.rs\/hu\/a-the-colors-of-the-box-cimu-musor-athelyezese\/"},"wordCount":363,"commentCount":0,"image":{"@id":"https:\/\/park-palic.rs\/hu\/a-the-colors-of-the-box-cimu-musor-athelyezese\/#primaryimage"},"thumbnailUrl":"https:\/\/park-palic.rs\/wp-content\/uploads\/2019\/08\/578_1-2.jpg","articleSection":["H\u00edrek"],"inLanguage":"hu","potentialAction":[{"@type":"CommentAction","name":"Comment","target":["https:\/\/park-palic.rs\/hu\/a-the-colors-of-the-box-cimu-musor-athelyezese\/#respond"]}]},{"@type":"WebPage","@id":"https:\/\/park-palic.rs\/hu\/a-the-colors-of-the-box-cimu-musor-athelyezese\/","url":"https:\/\/park-palic.rs\/hu\/a-the-colors-of-the-box-cimu-musor-athelyezese\/","name":"A \"The Colors of the Box\" c\u00edm\u0171 m\u0171sor \u00e1thelyez\u00e9se - Park Pali\u0107","isPartOf":{"@id":"https:\/\/park-palic.rs\/#website"},"primaryImageOfPage":{"@id":"https:\/\/park-palic.rs\/hu\/a-the-colors-of-the-box-cimu-musor-athelyezese\/#primaryimage"},"image":{"@id":"https:\/\/park-palic.rs\/hu\/a-the-colors-of-the-box-cimu-musor-athelyezese\/#primaryimage"},"thumbnailUrl":"https:\/\/park-palic.rs\/wp-content\/uploads\/2019\/08\/578_1-2.jpg","datePublished":"2019-08-01T16:52:34+00:00","dateModified":"2026-03-19T13:26:04+00:00","author":{"@id":"https:\/\/park-palic.rs\/#\/schema\/person\/6b052e48a70e5de1c2868efc79554c47"},"breadcrumb":{"@id":"https:\/\/park-palic.rs\/hu\/a-the-colors-of-the-box-cimu-musor-athelyezese\/#breadcrumb"},"inLanguage":"hu","potentialAction":[{"@type":"ReadAction","target":["https:\/\/park-palic.rs\/hu\/a-the-colors-of-the-box-cimu-musor-athelyezese\/"]}]},{"@type":"ImageObject","inLanguage":"hu","@id":"https:\/\/park-palic.rs\/hu\/a-the-colors-of-the-box-cimu-musor-athelyezese\/#primaryimage","url":"https:\/\/park-palic.rs\/wp-content\/uploads\/2019\/08\/578_1-2.jpg","contentUrl":"https:\/\/park-palic.rs\/wp-content\/uploads\/2019\/08\/578_1-2.jpg","width":640,"height":480},{"@type":"BreadcrumbList","@id":"https:\/\/park-palic.rs\/hu\/a-the-colors-of-the-box-cimu-musor-athelyezese\/#breadcrumb","itemListElement":[{"@type":"ListItem","position":1,"name":"Po\u010detna","item":"https:\/\/park-palic.rs\/hu\/park-palic-zvanicna-prezentacija\/"},{"@type":"ListItem","position":2,"name":"A &#8222;The Colors of the Box&#8221; c\u00edm\u0171 m\u0171sor \u00e1thelyez\u00e9se"}]},{"@type":"WebSite","@id":"https:\/\/park-palic.rs\/#website","url":"https:\/\/park-palic.rs\/","name":"Park Pali\u0107","description":"","potentialAction":[{"@type":"SearchAction","target":{"@type":"EntryPoint","urlTemplate":"https:\/\/park-palic.rs\/?s={search_term_string}"},"query-input":{"@type":"PropertyValueSpecification","valueRequired":true,"valueName":"search_term_string"}}],"inLanguage":"hu"},{"@type":"Person","@id":"https:\/\/park-palic.rs\/#\/schema\/person\/6b052e48a70e5de1c2868efc79554c47","name":"master","image":{"@type":"ImageObject","inLanguage":"hu","@id":"https:\/\/park-palic.rs\/#\/schema\/person\/image\/","url":"https:\/\/secure.gravatar.com\/avatar\/034306be1231af192c04a87ff1df92844088c3ba951f6837b993dd6c6ffaac8b?s=96&d=mm&r=g","contentUrl":"https:\/\/secure.gravatar.com\/avatar\/034306be1231af192c04a87ff1df92844088c3ba951f6837b993dd6c6ffaac8b?s=96&d=mm&r=g","caption":"master"},"sameAs":["http:\/\/localhost:8086"],"url":"https:\/\/park-palic.rs\/hu\/author\/master\/"}]}},"_links":{"self":[{"href":"https:\/\/park-palic.rs\/hu\/wp-json\/wp\/v2\/posts\/13689","targetHints":{"allow":["GET"]}}],"collection":[{"href":"https:\/\/park-palic.rs\/hu\/wp-json\/wp\/v2\/posts"}],"about":[{"href":"https:\/\/park-palic.rs\/hu\/wp-json\/wp\/v2\/types\/post"}],"author":[{"embeddable":true,"href":"https:\/\/park-palic.rs\/hu\/wp-json\/wp\/v2\/users\/1"}],"replies":[{"embeddable":true,"href":"https:\/\/park-palic.rs\/hu\/wp-json\/wp\/v2\/comments?post=13689"}],"version-history":[{"count":1,"href":"https:\/\/park-palic.rs\/hu\/wp-json\/wp\/v2\/posts\/13689\/revisions"}],"predecessor-version":[{"id":13690,"href":"https:\/\/park-palic.rs\/hu\/wp-json\/wp\/v2\/posts\/13689\/revisions\/13690"}],"wp:featuredmedia":[{"embeddable":true,"href":"https:\/\/park-palic.rs\/hu\/wp-json\/wp\/v2\/media\/7616"}],"wp:attachment":[{"href":"https:\/\/park-palic.rs\/hu\/wp-json\/wp\/v2\/media?parent=13689"}],"wp:term":[{"taxonomy":"category","embeddable":true,"href":"https:\/\/park-palic.rs\/hu\/wp-json\/wp\/v2\/categories?post=13689"},{"taxonomy":"post_tag","embeddable":true,"href":"https:\/\/park-palic.rs\/hu\/wp-json\/wp\/v2\/tags?post=13689"}],"curies":[{"name":"wp","href":"https:\/\/api.w.org\/{rel}","templated":true}]}}