{"id":13647,"date":"2019-08-26T16:52:27","date_gmt":"2019-08-26T16:52:27","guid":{"rendered":"https:\/\/park-palic.rs\/massimo-savic-koncertje\/"},"modified":"2026-03-18T13:37:19","modified_gmt":"2026-03-18T13:37:19","slug":"massimo-savic-koncertje","status":"publish","type":"post","link":"https:\/\/park-palic.rs\/hu\/massimo-savic-koncertje\/","title":{"rendered":"Massimo Savic koncertje"},"content":{"rendered":"\n<p style=\"text-align: justify;\">Az id\u0151nk\u00e9nt v\u00e1ratlanul megjelen\u0151 es\u0151, amely jelent\u0151sen befoly\u00e1solta a szervez\u00e9st, sem tudta megakad\u00e1lyozni a tervezett l\u00e1tv\u00e1nyos esem\u00e9ny megtart\u00e1s\u00e1t a Ny\u00e1ri Sz\u00ednpadon augusztus 24-\u00e9n, szombaton. <\/p>\n<p style=\"text-align: center;\">\n\n<p style=\"text-align: justify;\">MA r\u00e9g\u00f3ta v\u00e1rt Massimo Savi\u0107-koncert teljes m\u00e9rt\u00e9kben bev\u00e1ltotta a jelenl\u00e9v\u0151k o\u017eid\u00e1sait. Az elragadtatott k\u00f6z\u00f6ns\u00e9g \u00e9rzelmekkel telve t\u00e9rt haza. <\/p>\n\n<p style=\"text-align: justify;\">Karrierje kezdet\u00e9t felid\u00e9zve, annak alakul\u00e1s\u00e1t v\u00e9gigk\u00f6vetve eg\u00e9szen a leg\u00fajabb dalokig, Massimo egyfajta szem\u00e9lyes utaz\u00e1sra vitte a k\u00f6z\u00f6ns\u00e9get, betekint\u00e9st ny\u00fajtva \u00e9let\u00e9be \u00e9s szem\u00e9lyis\u00e9g\u00e9be. A k\u00f6zte \u00e9s a k\u00f6z\u00f6ns\u00e9g k\u00f6z\u00f6tti k\u00fcl\u00f6nleges \u00f6sszhang az eg\u00e9sz koncert sor\u00e1n v\u00e9gig \u00e9rezhet\u0151 volt. <\/p>\n<\/p>\n\n<p>A koncertr\u0151l k\u00e9sz\u00fclt fot\u00f3kat <a href=\"https:\/\/park-palic.rs\/index\/picturegallerylist\/lg\/cp\/\">itt<\/a> tekintheti meg.<\/p>\n","protected":false},"excerpt":{"rendered":"<p>Az id\u0151nk\u00e9nt v\u00e1ratlanul megjelen\u0151 es\u0151, amely jelent\u0151sen befoly\u00e1solta a szervez\u00e9st, sem tudta megakad\u00e1lyozni a tervezett l\u00e1tv\u00e1nyos esem\u00e9ny megtart\u00e1s\u00e1t a Ny\u00e1ri Sz\u00ednpadon augusztus 24-\u00e9n, szombaton. MA r\u00e9g\u00f3ta v\u00e1rt Massimo Savi\u0107-koncert teljes m\u00e9rt\u00e9kben bev\u00e1ltotta a jelenl\u00e9v\u0151k o\u017eid\u00e1sait. Az elragadtatott k\u00f6z\u00f6ns\u00e9g \u00e9rzelmekkel telve t\u00e9rt haza. Karrierje kezdet\u00e9t felid\u00e9zve, annak alakul\u00e1s\u00e1t v\u00e9gigk\u00f6vetve eg\u00e9szen a leg\u00fajabb dalokig, Massimo egyfajta szem\u00e9lyes [&hellip;]<\/p>\n","protected":false},"author":1,"featured_media":7591,"comment_status":"open","ping_status":"open","sticky":false,"template":"","format":"standard","meta":{"_acf_changed":false,"inline_featured_image":false,"footnotes":""},"categories":[46],"tags":[],"class_list":["post-13647","post","type-post","status-publish","format-standard","has-post-thumbnail","hentry","category-vesti-hu"],"acf":[],"yoast_head":"<!-- This site is optimized with the Yoast SEO plugin v27.1.1 - https:\/\/yoast.com\/product\/yoast-seo-wordpress\/ -->\n<title>Massimo Savic koncertje - Park Pali\u0107<\/title>\n<meta name=\"robots\" content=\"index, follow, max-snippet:-1, max-image-preview:large, max-video-preview:-1\" \/>\n<link rel=\"canonical\" href=\"https:\/\/park-palic.rs\/hu\/massimo-savic-koncertje\/\" \/>\n<meta property=\"og:locale\" content=\"hu_HU\" \/>\n<meta property=\"og:type\" content=\"article\" \/>\n<meta property=\"og:title\" content=\"Massimo Savic koncertje - Park Pali\u0107\" \/>\n<meta property=\"og:description\" content=\"Az id\u0151nk\u00e9nt v\u00e1ratlanul megjelen\u0151 es\u0151, amely jelent\u0151sen befoly\u00e1solta a szervez\u00e9st, sem tudta megakad\u00e1lyozni a tervezett l\u00e1tv\u00e1nyos esem\u00e9ny megtart\u00e1s\u00e1t a Ny\u00e1ri Sz\u00ednpadon augusztus 24-\u00e9n, szombaton. MA r\u00e9g\u00f3ta v\u00e1rt Massimo Savi\u0107-koncert teljes m\u00e9rt\u00e9kben bev\u00e1ltotta a jelenl\u00e9v\u0151k o\u017eid\u00e1sait. Az elragadtatott k\u00f6z\u00f6ns\u00e9g \u00e9rzelmekkel telve t\u00e9rt haza. Karrierje kezdet\u00e9t felid\u00e9zve, annak alakul\u00e1s\u00e1t v\u00e9gigk\u00f6vetve eg\u00e9szen a leg\u00fajabb dalokig, Massimo egyfajta szem\u00e9lyes [&hellip;]\" \/>\n<meta property=\"og:url\" content=\"https:\/\/park-palic.rs\/hu\/massimo-savic-koncertje\/\" \/>\n<meta property=\"og:site_name\" content=\"Park Pali\u0107\" \/>\n<meta property=\"article:publisher\" content=\"https:\/\/www.facebook.com\/ParkPalic\/\" \/>\n<meta property=\"article:published_time\" content=\"2019-08-26T16:52:27+00:00\" \/>\n<meta property=\"article:modified_time\" content=\"2026-03-18T13:37:19+00:00\" \/>\n<meta property=\"og:image\" content=\"https:\/\/park-palic.rs\/wp-content\/uploads\/2019\/08\/582_1-2.jpg\" \/>\n\t<meta property=\"og:image:width\" content=\"1200\" \/>\n\t<meta property=\"og:image:height\" content=\"983\" \/>\n\t<meta property=\"og:image:type\" content=\"image\/jpeg\" \/>\n<meta name=\"author\" content=\"master\" \/>\n<meta name=\"twitter:card\" content=\"summary_large_image\" \/>\n<meta name=\"twitter:label1\" content=\"Szerz\u0151:\" \/>\n\t<meta name=\"twitter:data1\" content=\"master\" \/>\n\t<meta name=\"twitter:label2\" content=\"Becs\u00fclt olvas\u00e1si id\u0151\" \/>\n\t<meta name=\"twitter:data2\" content=\"1 perc\" \/>\n<script type=\"application\/ld+json\" class=\"yoast-schema-graph\">{\"@context\":\"https:\/\/schema.org\",\"@graph\":[{\"@type\":\"Article\",\"@id\":\"https:\/\/park-palic.rs\/hu\/massimo-savic-koncertje\/#article\",\"isPartOf\":{\"@id\":\"https:\/\/park-palic.rs\/hu\/massimo-savic-koncertje\/\"},\"author\":{\"name\":\"master\",\"@id\":\"https:\/\/park-palic.rs\/#\/schema\/person\/6b052e48a70e5de1c2868efc79554c47\"},\"headline\":\"Massimo Savic koncertje\",\"datePublished\":\"2019-08-26T16:52:27+00:00\",\"dateModified\":\"2026-03-18T13:37:19+00:00\",\"mainEntityOfPage\":{\"@id\":\"https:\/\/park-palic.rs\/hu\/massimo-savic-koncertje\/\"},\"wordCount\":155,\"commentCount\":0,\"image\":{\"@id\":\"https:\/\/park-palic.rs\/hu\/massimo-savic-koncertje\/#primaryimage\"},\"thumbnailUrl\":\"https:\/\/park-palic.rs\/wp-content\/uploads\/2019\/08\/582_1-2.jpg\",\"articleSection\":[\"H\u00edrek\"],\"inLanguage\":\"hu\",\"potentialAction\":[{\"@type\":\"CommentAction\",\"name\":\"Comment\",\"target\":[\"https:\/\/park-palic.rs\/hu\/massimo-savic-koncertje\/#respond\"]}]},{\"@type\":\"WebPage\",\"@id\":\"https:\/\/park-palic.rs\/hu\/massimo-savic-koncertje\/\",\"url\":\"https:\/\/park-palic.rs\/hu\/massimo-savic-koncertje\/\",\"name\":\"Massimo Savic koncertje - Park Pali\u0107\",\"isPartOf\":{\"@id\":\"https:\/\/park-palic.rs\/#website\"},\"primaryImageOfPage\":{\"@id\":\"https:\/\/park-palic.rs\/hu\/massimo-savic-koncertje\/#primaryimage\"},\"image\":{\"@id\":\"https:\/\/park-palic.rs\/hu\/massimo-savic-koncertje\/#primaryimage\"},\"thumbnailUrl\":\"https:\/\/park-palic.rs\/wp-content\/uploads\/2019\/08\/582_1-2.jpg\",\"datePublished\":\"2019-08-26T16:52:27+00:00\",\"dateModified\":\"2026-03-18T13:37:19+00:00\",\"author\":{\"@id\":\"https:\/\/park-palic.rs\/#\/schema\/person\/6b052e48a70e5de1c2868efc79554c47\"},\"breadcrumb\":{\"@id\":\"https:\/\/park-palic.rs\/hu\/massimo-savic-koncertje\/#breadcrumb\"},\"inLanguage\":\"hu\",\"potentialAction\":[{\"@type\":\"ReadAction\",\"target\":[\"https:\/\/park-palic.rs\/hu\/massimo-savic-koncertje\/\"]}]},{\"@type\":\"ImageObject\",\"inLanguage\":\"hu\",\"@id\":\"https:\/\/park-palic.rs\/hu\/massimo-savic-koncertje\/#primaryimage\",\"url\":\"https:\/\/park-palic.rs\/wp-content\/uploads\/2019\/08\/582_1-2.jpg\",\"contentUrl\":\"https:\/\/park-palic.rs\/wp-content\/uploads\/2019\/08\/582_1-2.jpg\",\"width\":1200,\"height\":983},{\"@type\":\"BreadcrumbList\",\"@id\":\"https:\/\/park-palic.rs\/hu\/massimo-savic-koncertje\/#breadcrumb\",\"itemListElement\":[{\"@type\":\"ListItem\",\"position\":1,\"name\":\"Po\u010detna\",\"item\":\"https:\/\/park-palic.rs\/hu\/park-palic-zvanicna-prezentacija\/\"},{\"@type\":\"ListItem\",\"position\":2,\"name\":\"Massimo Savic koncertje\"}]},{\"@type\":\"WebSite\",\"@id\":\"https:\/\/park-palic.rs\/#website\",\"url\":\"https:\/\/park-palic.rs\/\",\"name\":\"Park Pali\u0107\",\"description\":\"\",\"potentialAction\":[{\"@type\":\"SearchAction\",\"target\":{\"@type\":\"EntryPoint\",\"urlTemplate\":\"https:\/\/park-palic.rs\/?s={search_term_string}\"},\"query-input\":{\"@type\":\"PropertyValueSpecification\",\"valueRequired\":true,\"valueName\":\"search_term_string\"}}],\"inLanguage\":\"hu\"},{\"@type\":\"Person\",\"@id\":\"https:\/\/park-palic.rs\/#\/schema\/person\/6b052e48a70e5de1c2868efc79554c47\",\"name\":\"master\",\"image\":{\"@type\":\"ImageObject\",\"inLanguage\":\"hu\",\"@id\":\"https:\/\/park-palic.rs\/#\/schema\/person\/image\/\",\"url\":\"https:\/\/secure.gravatar.com\/avatar\/034306be1231af192c04a87ff1df92844088c3ba951f6837b993dd6c6ffaac8b?s=96&d=mm&r=g\",\"contentUrl\":\"https:\/\/secure.gravatar.com\/avatar\/034306be1231af192c04a87ff1df92844088c3ba951f6837b993dd6c6ffaac8b?s=96&d=mm&r=g\",\"caption\":\"master\"},\"sameAs\":[\"http:\/\/localhost:8086\"],\"url\":\"https:\/\/park-palic.rs\/hu\/author\/master\/\"}]}<\/script>\n<!-- \/ Yoast SEO plugin. -->","yoast_head_json":{"title":"Massimo Savic koncertje - Park Pali\u0107","robots":{"index":"index","follow":"follow","max-snippet":"max-snippet:-1","max-image-preview":"max-image-preview:large","max-video-preview":"max-video-preview:-1"},"canonical":"https:\/\/park-palic.rs\/hu\/massimo-savic-koncertje\/","og_locale":"hu_HU","og_type":"article","og_title":"Massimo Savic koncertje - Park Pali\u0107","og_description":"Az id\u0151nk\u00e9nt v\u00e1ratlanul megjelen\u0151 es\u0151, amely jelent\u0151sen befoly\u00e1solta a szervez\u00e9st, sem tudta megakad\u00e1lyozni a tervezett l\u00e1tv\u00e1nyos esem\u00e9ny megtart\u00e1s\u00e1t a Ny\u00e1ri Sz\u00ednpadon augusztus 24-\u00e9n, szombaton. MA r\u00e9g\u00f3ta v\u00e1rt Massimo Savi\u0107-koncert teljes m\u00e9rt\u00e9kben bev\u00e1ltotta a jelenl\u00e9v\u0151k o\u017eid\u00e1sait. Az elragadtatott k\u00f6z\u00f6ns\u00e9g \u00e9rzelmekkel telve t\u00e9rt haza. Karrierje kezdet\u00e9t felid\u00e9zve, annak alakul\u00e1s\u00e1t v\u00e9gigk\u00f6vetve eg\u00e9szen a leg\u00fajabb dalokig, Massimo egyfajta szem\u00e9lyes [&hellip;]","og_url":"https:\/\/park-palic.rs\/hu\/massimo-savic-koncertje\/","og_site_name":"Park Pali\u0107","article_publisher":"https:\/\/www.facebook.com\/ParkPalic\/","article_published_time":"2019-08-26T16:52:27+00:00","article_modified_time":"2026-03-18T13:37:19+00:00","og_image":[{"width":1200,"height":983,"url":"https:\/\/park-palic.rs\/wp-content\/uploads\/2019\/08\/582_1-2.jpg","type":"image\/jpeg"}],"author":"master","twitter_card":"summary_large_image","twitter_misc":{"Szerz\u0151:":"master","Becs\u00fclt olvas\u00e1si id\u0151":"1 perc"},"schema":{"@context":"https:\/\/schema.org","@graph":[{"@type":"Article","@id":"https:\/\/park-palic.rs\/hu\/massimo-savic-koncertje\/#article","isPartOf":{"@id":"https:\/\/park-palic.rs\/hu\/massimo-savic-koncertje\/"},"author":{"name":"master","@id":"https:\/\/park-palic.rs\/#\/schema\/person\/6b052e48a70e5de1c2868efc79554c47"},"headline":"Massimo Savic koncertje","datePublished":"2019-08-26T16:52:27+00:00","dateModified":"2026-03-18T13:37:19+00:00","mainEntityOfPage":{"@id":"https:\/\/park-palic.rs\/hu\/massimo-savic-koncertje\/"},"wordCount":155,"commentCount":0,"image":{"@id":"https:\/\/park-palic.rs\/hu\/massimo-savic-koncertje\/#primaryimage"},"thumbnailUrl":"https:\/\/park-palic.rs\/wp-content\/uploads\/2019\/08\/582_1-2.jpg","articleSection":["H\u00edrek"],"inLanguage":"hu","potentialAction":[{"@type":"CommentAction","name":"Comment","target":["https:\/\/park-palic.rs\/hu\/massimo-savic-koncertje\/#respond"]}]},{"@type":"WebPage","@id":"https:\/\/park-palic.rs\/hu\/massimo-savic-koncertje\/","url":"https:\/\/park-palic.rs\/hu\/massimo-savic-koncertje\/","name":"Massimo Savic koncertje - Park Pali\u0107","isPartOf":{"@id":"https:\/\/park-palic.rs\/#website"},"primaryImageOfPage":{"@id":"https:\/\/park-palic.rs\/hu\/massimo-savic-koncertje\/#primaryimage"},"image":{"@id":"https:\/\/park-palic.rs\/hu\/massimo-savic-koncertje\/#primaryimage"},"thumbnailUrl":"https:\/\/park-palic.rs\/wp-content\/uploads\/2019\/08\/582_1-2.jpg","datePublished":"2019-08-26T16:52:27+00:00","dateModified":"2026-03-18T13:37:19+00:00","author":{"@id":"https:\/\/park-palic.rs\/#\/schema\/person\/6b052e48a70e5de1c2868efc79554c47"},"breadcrumb":{"@id":"https:\/\/park-palic.rs\/hu\/massimo-savic-koncertje\/#breadcrumb"},"inLanguage":"hu","potentialAction":[{"@type":"ReadAction","target":["https:\/\/park-palic.rs\/hu\/massimo-savic-koncertje\/"]}]},{"@type":"ImageObject","inLanguage":"hu","@id":"https:\/\/park-palic.rs\/hu\/massimo-savic-koncertje\/#primaryimage","url":"https:\/\/park-palic.rs\/wp-content\/uploads\/2019\/08\/582_1-2.jpg","contentUrl":"https:\/\/park-palic.rs\/wp-content\/uploads\/2019\/08\/582_1-2.jpg","width":1200,"height":983},{"@type":"BreadcrumbList","@id":"https:\/\/park-palic.rs\/hu\/massimo-savic-koncertje\/#breadcrumb","itemListElement":[{"@type":"ListItem","position":1,"name":"Po\u010detna","item":"https:\/\/park-palic.rs\/hu\/park-palic-zvanicna-prezentacija\/"},{"@type":"ListItem","position":2,"name":"Massimo Savic koncertje"}]},{"@type":"WebSite","@id":"https:\/\/park-palic.rs\/#website","url":"https:\/\/park-palic.rs\/","name":"Park Pali\u0107","description":"","potentialAction":[{"@type":"SearchAction","target":{"@type":"EntryPoint","urlTemplate":"https:\/\/park-palic.rs\/?s={search_term_string}"},"query-input":{"@type":"PropertyValueSpecification","valueRequired":true,"valueName":"search_term_string"}}],"inLanguage":"hu"},{"@type":"Person","@id":"https:\/\/park-palic.rs\/#\/schema\/person\/6b052e48a70e5de1c2868efc79554c47","name":"master","image":{"@type":"ImageObject","inLanguage":"hu","@id":"https:\/\/park-palic.rs\/#\/schema\/person\/image\/","url":"https:\/\/secure.gravatar.com\/avatar\/034306be1231af192c04a87ff1df92844088c3ba951f6837b993dd6c6ffaac8b?s=96&d=mm&r=g","contentUrl":"https:\/\/secure.gravatar.com\/avatar\/034306be1231af192c04a87ff1df92844088c3ba951f6837b993dd6c6ffaac8b?s=96&d=mm&r=g","caption":"master"},"sameAs":["http:\/\/localhost:8086"],"url":"https:\/\/park-palic.rs\/hu\/author\/master\/"}]}},"_links":{"self":[{"href":"https:\/\/park-palic.rs\/hu\/wp-json\/wp\/v2\/posts\/13647","targetHints":{"allow":["GET"]}}],"collection":[{"href":"https:\/\/park-palic.rs\/hu\/wp-json\/wp\/v2\/posts"}],"about":[{"href":"https:\/\/park-palic.rs\/hu\/wp-json\/wp\/v2\/types\/post"}],"author":[{"embeddable":true,"href":"https:\/\/park-palic.rs\/hu\/wp-json\/wp\/v2\/users\/1"}],"replies":[{"embeddable":true,"href":"https:\/\/park-palic.rs\/hu\/wp-json\/wp\/v2\/comments?post=13647"}],"version-history":[{"count":7,"href":"https:\/\/park-palic.rs\/hu\/wp-json\/wp\/v2\/posts\/13647\/revisions"}],"predecessor-version":[{"id":13654,"href":"https:\/\/park-palic.rs\/hu\/wp-json\/wp\/v2\/posts\/13647\/revisions\/13654"}],"wp:featuredmedia":[{"embeddable":true,"href":"https:\/\/park-palic.rs\/hu\/wp-json\/wp\/v2\/media\/7591"}],"wp:attachment":[{"href":"https:\/\/park-palic.rs\/hu\/wp-json\/wp\/v2\/media?parent=13647"}],"wp:term":[{"taxonomy":"category","embeddable":true,"href":"https:\/\/park-palic.rs\/hu\/wp-json\/wp\/v2\/categories?post=13647"},{"taxonomy":"post_tag","embeddable":true,"href":"https:\/\/park-palic.rs\/hu\/wp-json\/wp\/v2\/tags?post=13647"}],"curies":[{"name":"wp","href":"https:\/\/api.w.org\/{rel}","templated":true}]}}