{"id":12740,"date":"2025-12-08T08:40:24","date_gmt":"2025-12-08T08:40:24","guid":{"rendered":"https:\/\/parkpalic.consoft.co.rs\/na-palicu-je-odrzana-26-utrka-djeda-mraza\/"},"modified":"2025-12-08T08:59:39","modified_gmt":"2025-12-08T08:59:39","slug":"na-palicu-je-odrzana-26-utrka-djeda-mraza","status":"publish","type":"post","link":"https:\/\/park-palic.rs\/hr\/na-palicu-je-odrzana-26-utrka-djeda-mraza\/","title":{"rendered":"Na Pali\u0107u je odr\u017eana 26. \u201eUtrka Djeda Mraza\u201c"},"content":{"rendered":"\n<p>\u201eUtrka Djeda Mraza\u201c na Pali\u0107u i ove je godine bila vrlo popularna. Unato\u010d ki\u0161i, u doga\u0111aju je sudjelovalo vi\u0161e od 1000 trka\u010da u Djed Mrazovim kapama, koji su morali pretr\u010dati stazu dugu kilometar i pol. <\/p>\n\n<p>Zimski sportski doga\u0111aj ima i humanitarni karakter &#8211; sudionici svojim donacijama poma\u017eu djeci u te\u0161kim financijskim situacijama.<\/p>\n\n<p>Popularna utrka zapo\u010dela je u nedjelju u 11 sati ispred Velike terase na Pali\u0107u, gdje se okupila velika gu\u017eva. Sudionici su mogli prije\u0107i stazu tr\u010de\u0107i ili hodaju\u0107i. <\/p>\n\n<p>Nikoleta \u0160ebek i Leda Miklos: &#8220;Zamalo smo bile prve. Do\u0107i \u0107emo i sljede\u0107e godine. Sada sam upoznala svoju u\u010diteljicu, jako je volim, bila sam sretna \u0161to sam vidjela poznata lica.&#8221;  <\/p>\n\n<p>Trka\u010di su morali nositi kapu ili kostim Djeda Mraza. Najmla\u0111i sudionik doga\u0111aja bila je beba stara samo mjesec i pol, a najstariji trka\u010d imao je 81 godinu. Ovo je pravi obiteljski doga\u0111aj i mnogi se vra\u0107aju godinama.  <\/p>\n\n<p>Timea Biro: \u201eMislim da je ovo jako lijep doga\u0111aj. Divno je \u0161to toliko djece i obitelji izlazi van, \u010dak i po ki\u0161i. Postoji i humoristi\u010dna strana toga, jer tr\u010dimo s kapama Djeda Mraza. Mislim da je ovo sjajan doga\u0111aj za izgradnju zajednice.\u201c   <\/p>\n\n<p>Po dolasku na cilj, djeca su dobila medalje, a svi sudionici su po\u010das\u0107eni toplim \u010dajem i kruhom s ma\u0161\u0107u. Najmla\u0111e je zabavljao animator. <\/p>\n\n<p>Elvira Janosi, organizatorica: \u201eOvo je dan koji je prekrasan za male, velike, mlade i stare. Nitko nije obvezan tr\u010dati &#8211; mo\u017eete hodati, razgovarati, najva\u017enije je da su svi sretni.\u201c <\/p>\n\n<p>Doga\u0111aj ima i humanitarni aspekt &#8211; volonteri Crvenog kri\u017ea iz Subotice prikupljali su pakete za korisnike Pu\u010dke kuhinje.<\/p>\n\n<p>Izvor: Panon RTV<\/p>\n","protected":false},"excerpt":{"rendered":"<p>\u201eUtrka Djeda Mraza\u201c na Pali\u0107u i ove je godine bila vrlo popularna. Unato\u010d ki\u0161i, u doga\u0111aju je sudjelovalo vi\u0161e od 1000 trka\u010da u Djed Mrazovim kapama, koji su morali pretr\u010dati stazu dugu kilometar i pol. Zimski sportski doga\u0111aj ima i humanitarni karakter &#8211; sudionici svojim donacijama poma\u017eu djeci u te\u0161kim financijskim situacijama. Popularna utrka zapo\u010dela [&hellip;]<\/p>\n","protected":false},"author":2,"featured_media":12728,"comment_status":"open","ping_status":"open","sticky":false,"template":"","format":"standard","meta":{"_acf_changed":false,"inline_featured_image":false,"footnotes":""},"categories":[40],"tags":[],"class_list":["post-12740","post","type-post","status-publish","format-standard","has-post-thumbnail","hentry","category-vesti-hr"],"acf":[],"yoast_head":"<!-- This site is optimized with the Yoast SEO plugin v27.1.1 - https:\/\/yoast.com\/product\/yoast-seo-wordpress\/ -->\n<title>Na Pali\u0107u je odr\u017eana 26. \u201eUtrka Djeda Mraza\u201c - Park Pali\u0107<\/title>\n<meta name=\"robots\" content=\"index, follow, max-snippet:-1, max-image-preview:large, max-video-preview:-1\" \/>\n<link rel=\"canonical\" href=\"https:\/\/park-palic.rs\/hr\/na-palicu-je-odrzana-26-utrka-djeda-mraza\/\" \/>\n<meta property=\"og:locale\" content=\"hr_HR\" \/>\n<meta property=\"og:type\" content=\"article\" \/>\n<meta property=\"og:title\" content=\"Na Pali\u0107u je odr\u017eana 26. \u201eUtrka Djeda Mraza\u201c - Park Pali\u0107\" \/>\n<meta property=\"og:description\" content=\"\u201eUtrka Djeda Mraza\u201c na Pali\u0107u i ove je godine bila vrlo popularna. Unato\u010d ki\u0161i, u doga\u0111aju je sudjelovalo vi\u0161e od 1000 trka\u010da u Djed Mrazovim kapama, koji su morali pretr\u010dati stazu dugu kilometar i pol. Zimski sportski doga\u0111aj ima i humanitarni karakter &#8211; sudionici svojim donacijama poma\u017eu djeci u te\u0161kim financijskim situacijama. Popularna utrka zapo\u010dela [&hellip;]\" \/>\n<meta property=\"og:url\" content=\"https:\/\/park-palic.rs\/hr\/na-palicu-je-odrzana-26-utrka-djeda-mraza\/\" \/>\n<meta property=\"og:site_name\" content=\"Park Pali\u0107\" \/>\n<meta property=\"article:publisher\" content=\"https:\/\/www.facebook.com\/ParkPalic\/\" \/>\n<meta property=\"article:published_time\" content=\"2025-12-08T08:40:24+00:00\" \/>\n<meta property=\"article:modified_time\" content=\"2025-12-08T08:59:39+00:00\" \/>\n<meta property=\"og:image\" content=\"https:\/\/park-palic.rs\/wp-content\/uploads\/2025\/12\/20251207palicsimikulasfutas21.jpg\" \/>\n\t<meta property=\"og:image:width\" content=\"780\" \/>\n\t<meta property=\"og:image:height\" content=\"440\" \/>\n\t<meta property=\"og:image:type\" content=\"image\/jpeg\" \/>\n<meta name=\"author\" content=\"ParkPalic\" \/>\n<meta name=\"twitter:card\" content=\"summary_large_image\" \/>\n<meta name=\"twitter:label1\" content=\"Napisao\/la\" \/>\n\t<meta name=\"twitter:data1\" content=\"ParkPalic\" \/>\n\t<meta name=\"twitter:label2\" content=\"Procijenjeno vrijeme \u010ditanja\" \/>\n\t<meta name=\"twitter:data2\" content=\"2 minute\" \/>\n<script type=\"application\/ld+json\" class=\"yoast-schema-graph\">{\"@context\":\"https:\/\/schema.org\",\"@graph\":[{\"@type\":\"Article\",\"@id\":\"https:\/\/park-palic.rs\/hr\/na-palicu-je-odrzana-26-utrka-djeda-mraza\/#article\",\"isPartOf\":{\"@id\":\"https:\/\/park-palic.rs\/hr\/na-palicu-je-odrzana-26-utrka-djeda-mraza\/\"},\"author\":{\"name\":\"ParkPalic\",\"@id\":\"https:\/\/park-palic.rs\/#\/schema\/person\/f5f78ee7761277bc15d1c6a5aabc8850\"},\"headline\":\"Na Pali\u0107u je odr\u017eana 26. \u201eUtrka Djeda Mraza\u201c\",\"datePublished\":\"2025-12-08T08:40:24+00:00\",\"dateModified\":\"2025-12-08T08:59:39+00:00\",\"mainEntityOfPage\":{\"@id\":\"https:\/\/park-palic.rs\/hr\/na-palicu-je-odrzana-26-utrka-djeda-mraza\/\"},\"wordCount\":306,\"commentCount\":0,\"image\":{\"@id\":\"https:\/\/park-palic.rs\/hr\/na-palicu-je-odrzana-26-utrka-djeda-mraza\/#primaryimage\"},\"thumbnailUrl\":\"https:\/\/park-palic.rs\/wp-content\/uploads\/2025\/12\/20251207palicsimikulasfutas21.jpg\",\"articleSection\":[\"Vijesti\"],\"inLanguage\":\"hr\",\"potentialAction\":[{\"@type\":\"CommentAction\",\"name\":\"Comment\",\"target\":[\"https:\/\/park-palic.rs\/hr\/na-palicu-je-odrzana-26-utrka-djeda-mraza\/#respond\"]}]},{\"@type\":\"WebPage\",\"@id\":\"https:\/\/park-palic.rs\/hr\/na-palicu-je-odrzana-26-utrka-djeda-mraza\/\",\"url\":\"https:\/\/park-palic.rs\/hr\/na-palicu-je-odrzana-26-utrka-djeda-mraza\/\",\"name\":\"Na Pali\u0107u je odr\u017eana 26. \u201eUtrka Djeda Mraza\u201c - Park Pali\u0107\",\"isPartOf\":{\"@id\":\"https:\/\/park-palic.rs\/#website\"},\"primaryImageOfPage\":{\"@id\":\"https:\/\/park-palic.rs\/hr\/na-palicu-je-odrzana-26-utrka-djeda-mraza\/#primaryimage\"},\"image\":{\"@id\":\"https:\/\/park-palic.rs\/hr\/na-palicu-je-odrzana-26-utrka-djeda-mraza\/#primaryimage\"},\"thumbnailUrl\":\"https:\/\/park-palic.rs\/wp-content\/uploads\/2025\/12\/20251207palicsimikulasfutas21.jpg\",\"datePublished\":\"2025-12-08T08:40:24+00:00\",\"dateModified\":\"2025-12-08T08:59:39+00:00\",\"author\":{\"@id\":\"https:\/\/park-palic.rs\/#\/schema\/person\/f5f78ee7761277bc15d1c6a5aabc8850\"},\"breadcrumb\":{\"@id\":\"https:\/\/park-palic.rs\/hr\/na-palicu-je-odrzana-26-utrka-djeda-mraza\/#breadcrumb\"},\"inLanguage\":\"hr\",\"potentialAction\":[{\"@type\":\"ReadAction\",\"target\":[\"https:\/\/park-palic.rs\/hr\/na-palicu-je-odrzana-26-utrka-djeda-mraza\/\"]}]},{\"@type\":\"ImageObject\",\"inLanguage\":\"hr\",\"@id\":\"https:\/\/park-palic.rs\/hr\/na-palicu-je-odrzana-26-utrka-djeda-mraza\/#primaryimage\",\"url\":\"https:\/\/park-palic.rs\/wp-content\/uploads\/2025\/12\/20251207palicsimikulasfutas21.jpg\",\"contentUrl\":\"https:\/\/park-palic.rs\/wp-content\/uploads\/2025\/12\/20251207palicsimikulasfutas21.jpg\",\"width\":780,\"height\":440},{\"@type\":\"BreadcrumbList\",\"@id\":\"https:\/\/park-palic.rs\/hr\/na-palicu-je-odrzana-26-utrka-djeda-mraza\/#breadcrumb\",\"itemListElement\":[{\"@type\":\"ListItem\",\"position\":1,\"name\":\"Po\u010detna\",\"item\":\"https:\/\/park-palic.rs\/hr\/\"},{\"@type\":\"ListItem\",\"position\":2,\"name\":\"Na Pali\u0107u je odr\u017eana 26. \u201eUtrka Djeda Mraza\u201c\"}]},{\"@type\":\"WebSite\",\"@id\":\"https:\/\/park-palic.rs\/#website\",\"url\":\"https:\/\/park-palic.rs\/\",\"name\":\"Park Pali\u0107\",\"description\":\"\",\"potentialAction\":[{\"@type\":\"SearchAction\",\"target\":{\"@type\":\"EntryPoint\",\"urlTemplate\":\"https:\/\/park-palic.rs\/?s={search_term_string}\"},\"query-input\":{\"@type\":\"PropertyValueSpecification\",\"valueRequired\":true,\"valueName\":\"search_term_string\"}}],\"inLanguage\":\"hr\"},{\"@type\":\"Person\",\"@id\":\"https:\/\/park-palic.rs\/#\/schema\/person\/f5f78ee7761277bc15d1c6a5aabc8850\",\"name\":\"ParkPalic\",\"image\":{\"@type\":\"ImageObject\",\"inLanguage\":\"hr\",\"@id\":\"https:\/\/park-palic.rs\/#\/schema\/person\/image\/\",\"url\":\"https:\/\/secure.gravatar.com\/avatar\/afc0fe47e238d28de1cdac98943150a48959c6e67372a7b6eacc4f991c8e7936?s=96&d=mm&r=g\",\"contentUrl\":\"https:\/\/secure.gravatar.com\/avatar\/afc0fe47e238d28de1cdac98943150a48959c6e67372a7b6eacc4f991c8e7936?s=96&d=mm&r=g\",\"caption\":\"ParkPalic\"},\"url\":\"https:\/\/park-palic.rs\/hr\/author\/parkpalic\/\"}]}<\/script>\n<!-- \/ Yoast SEO plugin. -->","yoast_head_json":{"title":"Na Pali\u0107u je odr\u017eana 26. \u201eUtrka Djeda Mraza\u201c - Park Pali\u0107","robots":{"index":"index","follow":"follow","max-snippet":"max-snippet:-1","max-image-preview":"max-image-preview:large","max-video-preview":"max-video-preview:-1"},"canonical":"https:\/\/park-palic.rs\/hr\/na-palicu-je-odrzana-26-utrka-djeda-mraza\/","og_locale":"hr_HR","og_type":"article","og_title":"Na Pali\u0107u je odr\u017eana 26. \u201eUtrka Djeda Mraza\u201c - Park Pali\u0107","og_description":"\u201eUtrka Djeda Mraza\u201c na Pali\u0107u i ove je godine bila vrlo popularna. Unato\u010d ki\u0161i, u doga\u0111aju je sudjelovalo vi\u0161e od 1000 trka\u010da u Djed Mrazovim kapama, koji su morali pretr\u010dati stazu dugu kilometar i pol. Zimski sportski doga\u0111aj ima i humanitarni karakter &#8211; sudionici svojim donacijama poma\u017eu djeci u te\u0161kim financijskim situacijama. Popularna utrka zapo\u010dela [&hellip;]","og_url":"https:\/\/park-palic.rs\/hr\/na-palicu-je-odrzana-26-utrka-djeda-mraza\/","og_site_name":"Park Pali\u0107","article_publisher":"https:\/\/www.facebook.com\/ParkPalic\/","article_published_time":"2025-12-08T08:40:24+00:00","article_modified_time":"2025-12-08T08:59:39+00:00","og_image":[{"width":780,"height":440,"url":"https:\/\/park-palic.rs\/wp-content\/uploads\/2025\/12\/20251207palicsimikulasfutas21.jpg","type":"image\/jpeg"}],"author":"ParkPalic","twitter_card":"summary_large_image","twitter_misc":{"Napisao\/la":"ParkPalic","Procijenjeno vrijeme \u010ditanja":"2 minute"},"schema":{"@context":"https:\/\/schema.org","@graph":[{"@type":"Article","@id":"https:\/\/park-palic.rs\/hr\/na-palicu-je-odrzana-26-utrka-djeda-mraza\/#article","isPartOf":{"@id":"https:\/\/park-palic.rs\/hr\/na-palicu-je-odrzana-26-utrka-djeda-mraza\/"},"author":{"name":"ParkPalic","@id":"https:\/\/park-palic.rs\/#\/schema\/person\/f5f78ee7761277bc15d1c6a5aabc8850"},"headline":"Na Pali\u0107u je odr\u017eana 26. \u201eUtrka Djeda Mraza\u201c","datePublished":"2025-12-08T08:40:24+00:00","dateModified":"2025-12-08T08:59:39+00:00","mainEntityOfPage":{"@id":"https:\/\/park-palic.rs\/hr\/na-palicu-je-odrzana-26-utrka-djeda-mraza\/"},"wordCount":306,"commentCount":0,"image":{"@id":"https:\/\/park-palic.rs\/hr\/na-palicu-je-odrzana-26-utrka-djeda-mraza\/#primaryimage"},"thumbnailUrl":"https:\/\/park-palic.rs\/wp-content\/uploads\/2025\/12\/20251207palicsimikulasfutas21.jpg","articleSection":["Vijesti"],"inLanguage":"hr","potentialAction":[{"@type":"CommentAction","name":"Comment","target":["https:\/\/park-palic.rs\/hr\/na-palicu-je-odrzana-26-utrka-djeda-mraza\/#respond"]}]},{"@type":"WebPage","@id":"https:\/\/park-palic.rs\/hr\/na-palicu-je-odrzana-26-utrka-djeda-mraza\/","url":"https:\/\/park-palic.rs\/hr\/na-palicu-je-odrzana-26-utrka-djeda-mraza\/","name":"Na Pali\u0107u je odr\u017eana 26. \u201eUtrka Djeda Mraza\u201c - Park Pali\u0107","isPartOf":{"@id":"https:\/\/park-palic.rs\/#website"},"primaryImageOfPage":{"@id":"https:\/\/park-palic.rs\/hr\/na-palicu-je-odrzana-26-utrka-djeda-mraza\/#primaryimage"},"image":{"@id":"https:\/\/park-palic.rs\/hr\/na-palicu-je-odrzana-26-utrka-djeda-mraza\/#primaryimage"},"thumbnailUrl":"https:\/\/park-palic.rs\/wp-content\/uploads\/2025\/12\/20251207palicsimikulasfutas21.jpg","datePublished":"2025-12-08T08:40:24+00:00","dateModified":"2025-12-08T08:59:39+00:00","author":{"@id":"https:\/\/park-palic.rs\/#\/schema\/person\/f5f78ee7761277bc15d1c6a5aabc8850"},"breadcrumb":{"@id":"https:\/\/park-palic.rs\/hr\/na-palicu-je-odrzana-26-utrka-djeda-mraza\/#breadcrumb"},"inLanguage":"hr","potentialAction":[{"@type":"ReadAction","target":["https:\/\/park-palic.rs\/hr\/na-palicu-je-odrzana-26-utrka-djeda-mraza\/"]}]},{"@type":"ImageObject","inLanguage":"hr","@id":"https:\/\/park-palic.rs\/hr\/na-palicu-je-odrzana-26-utrka-djeda-mraza\/#primaryimage","url":"https:\/\/park-palic.rs\/wp-content\/uploads\/2025\/12\/20251207palicsimikulasfutas21.jpg","contentUrl":"https:\/\/park-palic.rs\/wp-content\/uploads\/2025\/12\/20251207palicsimikulasfutas21.jpg","width":780,"height":440},{"@type":"BreadcrumbList","@id":"https:\/\/park-palic.rs\/hr\/na-palicu-je-odrzana-26-utrka-djeda-mraza\/#breadcrumb","itemListElement":[{"@type":"ListItem","position":1,"name":"Po\u010detna","item":"https:\/\/park-palic.rs\/hr\/"},{"@type":"ListItem","position":2,"name":"Na Pali\u0107u je odr\u017eana 26. \u201eUtrka Djeda Mraza\u201c"}]},{"@type":"WebSite","@id":"https:\/\/park-palic.rs\/#website","url":"https:\/\/park-palic.rs\/","name":"Park Pali\u0107","description":"","potentialAction":[{"@type":"SearchAction","target":{"@type":"EntryPoint","urlTemplate":"https:\/\/park-palic.rs\/?s={search_term_string}"},"query-input":{"@type":"PropertyValueSpecification","valueRequired":true,"valueName":"search_term_string"}}],"inLanguage":"hr"},{"@type":"Person","@id":"https:\/\/park-palic.rs\/#\/schema\/person\/f5f78ee7761277bc15d1c6a5aabc8850","name":"ParkPalic","image":{"@type":"ImageObject","inLanguage":"hr","@id":"https:\/\/park-palic.rs\/#\/schema\/person\/image\/","url":"https:\/\/secure.gravatar.com\/avatar\/afc0fe47e238d28de1cdac98943150a48959c6e67372a7b6eacc4f991c8e7936?s=96&d=mm&r=g","contentUrl":"https:\/\/secure.gravatar.com\/avatar\/afc0fe47e238d28de1cdac98943150a48959c6e67372a7b6eacc4f991c8e7936?s=96&d=mm&r=g","caption":"ParkPalic"},"url":"https:\/\/park-palic.rs\/hr\/author\/parkpalic\/"}]}},"_links":{"self":[{"href":"https:\/\/park-palic.rs\/hr\/wp-json\/wp\/v2\/posts\/12740","targetHints":{"allow":["GET"]}}],"collection":[{"href":"https:\/\/park-palic.rs\/hr\/wp-json\/wp\/v2\/posts"}],"about":[{"href":"https:\/\/park-palic.rs\/hr\/wp-json\/wp\/v2\/types\/post"}],"author":[{"embeddable":true,"href":"https:\/\/park-palic.rs\/hr\/wp-json\/wp\/v2\/users\/2"}],"replies":[{"embeddable":true,"href":"https:\/\/park-palic.rs\/hr\/wp-json\/wp\/v2\/comments?post=12740"}],"version-history":[{"count":1,"href":"https:\/\/park-palic.rs\/hr\/wp-json\/wp\/v2\/posts\/12740\/revisions"}],"predecessor-version":[{"id":12741,"href":"https:\/\/park-palic.rs\/hr\/wp-json\/wp\/v2\/posts\/12740\/revisions\/12741"}],"wp:featuredmedia":[{"embeddable":true,"href":"https:\/\/park-palic.rs\/hr\/wp-json\/wp\/v2\/media\/12728"}],"wp:attachment":[{"href":"https:\/\/park-palic.rs\/hr\/wp-json\/wp\/v2\/media?parent=12740"}],"wp:term":[{"taxonomy":"category","embeddable":true,"href":"https:\/\/park-palic.rs\/hr\/wp-json\/wp\/v2\/categories?post=12740"},{"taxonomy":"post_tag","embeddable":true,"href":"https:\/\/park-palic.rs\/hr\/wp-json\/wp\/v2\/tags?post=12740"}],"curies":[{"name":"wp","href":"https:\/\/api.w.org\/{rel}","templated":true}]}}