{"id":11119,"date":"2023-07-05T16:49:34","date_gmt":"2023-07-05T16:49:34","guid":{"rendered":"https:\/\/parkpalic.condev.rs\/uredjenje-vikend-naselja-na-palicu-uklonjeno-jos-dva-oronula-objekta-uz-setalise\/"},"modified":"2023-07-05T16:49:34","modified_gmt":"2023-07-05T16:49:34","slug":"uredjenje-vikend-naselja-na-palicu-uklonjeno-jos-dva-oronula-objekta-uz-setalise","status":"publish","type":"post","link":"https:\/\/park-palic.rs\/hr\/uredjenje-vikend-naselja-na-palicu-uklonjeno-jos-dva-oronula-objekta-uz-setalise\/","title":{"rendered":"Ure\u0111enje Vikend naselja na Pali\u0107u: Uklonjeno jo\u0161 dva oronula objekta uz \u0161etali\u0161e"},"content":{"rendered":"<p style=\"text-align: justify;\">Pali\u0107, 5. jul \u2013 Nakon \u0161to je krajem juna uklanjanjem 13 oronulih objekta zavr\u0161ena prva faza radova, preduze\u0107e \u201ePark Pali\u0107\u201c d.o.o. nastavlja sa sprovo\u0111enjem projekta ure\u0111enja Vikend naselja na Pali\u0107u i intezivno radi na pronala\u017eenju na\u010dina i re\u0161enja za uklanjanje devastiranih i ru\u0161evnih objekata koji su u vlasni\u0161tvu pravnih ili privatnih lica.<\/p>\n<p style=\"text-align: center;\">\n<p style=\"text-align: justify;\">Polaze\u0107i od \u010dinjenice da je ure\u0111enje Vikend naselja od zajedni\u010dkog interesa za vlasnike objekata, kao i za turisti\u010dki potencijal Pali\u0107a, odr\u017ean je eliki broj sastanaka i konsultacija sa predstavnicima preduze\u0107a ili njihovim pravnim naslednicima, sa ciljem pronala\u017eenja naju\u010dinkovitijih re\u0161anja.<\/p>\n<p style=\"text-align: center;\">\n<p style=\"text-align: justify;\">Kao rezultat prepoznavanja zajedni\u010dkog cilja da Vikend naselje na Pali\u0107u od neure\u0111ene, oronule i nepristupa\u010dne urbanisti\u010dke celine ponovo postane funcionalan i atraktivan deo Pali\u0107a, vlasnici pojedinih objekata su ve\u0107 krenuli u realizaciju dogovorenih<br \/>aktivnosti.<\/p>\n<p style=\"text-align: center;\">\n<p style=\"text-align: justify;\">Uva\u017eavaju\u0107i zna\u010daj ovog projekta, preduze\u0107e \u201eAdam \u0160ped\u201c D.O.O. je, u skladu sa postignutim dogovorom, prethodne nedelje o svom tro\u0161ku ve\u0107 uklonilo dva objekta na svojim parcelama uz samo \u0161etali\u0161te, a u toku je procedura za dobijanje potrebnih dozvola za uklanjanje tre\u0107eg, na samom ulazu u Vikend naselje.<\/p>\n<p style=\"text-align: justify;\">Izra\u017eavamo o\u010dekivanje da \u0107e, kao \u0161to je dogovoreno na odr\u017eanim sastancima, i druga preduze\u0107a \u010diji su objekti valorizovani kao objekti za ru\u0161enje ili sanaciju pru\u017eiti svoj doprinos, u skladu sa Planom detaljne regulacije za Vikend naselje na Pali\u0107u i Projektom ure\u0111ivanja gra\u0111evinskog zemlji\u0161ta u javnoj svojini &#8211; uklanjanje nelegalnih i oronulih objekata i pribavljanje re\u0161enja o njihovom uklanjanju u Vikend naselju.<\/p>\n<p style=\"text-align: center;\">\n<p style=\"text-align: justify;\">Preduze\u0107e \u201ePark Pali\u0107\u201c d.o.o. jo\u0161 jednom poziva sve vlasnike nelegalizovanih objekata kao i vlasnike objekata koji su u ru\u0161evnom i zapu\u0161tenom stanju da podr\u017ee inicijativu kona\u010dnog ure\u0111enja ovog naselja koje je decenijama zapu\u0161teno i da nam se obrate kako bismo u saradnji sa nadle\u017enim institucijama zajedni\u010dki prona\u0161li adekvatna i zakonski utemeljena re\u0161enja.<\/p>\n","protected":false},"excerpt":{"rendered":"<p>Pali\u0107, 5. jul \u2013 Nakon \u0161to je krajem juna uklanjanjem 13 oronulih objekta zavr\u0161ena prva faza radova, preduze\u0107e \u201ePark Pali\u0107\u201c d.o.o. nastavlja sa sprovo\u0111enjem projekta ure\u0111enja Vikend naselja na Pali\u0107u i intezivno radi na pronala\u017eenju na\u010dina i re\u0161enja za uklanjanje devastiranih i ru\u0161evnih objekata koji su u vlasni\u0161tvu pravnih ili privatnih lica. Polaze\u0107i od \u010dinjenice [&hellip;]<\/p>\n","protected":false},"author":1,"featured_media":7050,"comment_status":"open","ping_status":"open","sticky":false,"template":"","format":"standard","meta":{"_acf_changed":false,"inline_featured_image":false,"footnotes":""},"categories":[40],"tags":[],"class_list":["post-11119","post","type-post","status-publish","format-standard","has-post-thumbnail","hentry","category-vesti-hr"],"acf":[],"yoast_head":"<!-- This site is optimized with the Yoast SEO plugin v27.1.1 - https:\/\/yoast.com\/product\/yoast-seo-wordpress\/ -->\n<title>\u0423\u0440\u0435\u0452\u0435\u045a\u0435 \u0412\u0438\u043a\u0435\u043d\u0434 \u043d\u0430\u0441\u0435\u0459\u0430 \u043d\u0430 \u041f\u0430\u043b\u0438\u045b\u0443: \u0423\u043a\u043b\u043e\u045a\u0435\u043d\u043e \u0458\u043e\u0448 \u0434\u0432\u0430 \u043e\u0440\u043e\u043d\u0443\u043b\u0430 \u043e\u0431\u0458\u0435\u043a\u0442\u0430 \u0443\u0437 \u0448\u0435\u0442\u0430\u043b\u0438\u0448\u0435 - Park Pali\u0107<\/title>\n<meta name=\"robots\" content=\"index, follow, max-snippet:-1, max-image-preview:large, max-video-preview:-1\" \/>\n<link rel=\"canonical\" href=\"https:\/\/park-palic.rs\/hr\/uredjenje-vikend-naselja-na-palicu-uklonjeno-jos-dva-oronula-objekta-uz-setalise\/\" \/>\n<meta property=\"og:locale\" content=\"hr_HR\" \/>\n<meta property=\"og:type\" content=\"article\" \/>\n<meta property=\"og:title\" content=\"\u0423\u0440\u0435\u0452\u0435\u045a\u0435 \u0412\u0438\u043a\u0435\u043d\u0434 \u043d\u0430\u0441\u0435\u0459\u0430 \u043d\u0430 \u041f\u0430\u043b\u0438\u045b\u0443: \u0423\u043a\u043b\u043e\u045a\u0435\u043d\u043e \u0458\u043e\u0448 \u0434\u0432\u0430 \u043e\u0440\u043e\u043d\u0443\u043b\u0430 \u043e\u0431\u0458\u0435\u043a\u0442\u0430 \u0443\u0437 \u0448\u0435\u0442\u0430\u043b\u0438\u0448\u0435 - Park Pali\u0107\" \/>\n<meta property=\"og:description\" content=\"Pali\u0107, 5. jul \u2013 Nakon \u0161to je krajem juna uklanjanjem 13 oronulih objekta zavr\u0161ena prva faza radova, preduze\u0107e \u201ePark Pali\u0107\u201c d.o.o. nastavlja sa sprovo\u0111enjem projekta ure\u0111enja Vikend naselja na Pali\u0107u i intezivno radi na pronala\u017eenju na\u010dina i re\u0161enja za uklanjanje devastiranih i ru\u0161evnih objekata koji su u vlasni\u0161tvu pravnih ili privatnih lica. Polaze\u0107i od \u010dinjenice [&hellip;]\" \/>\n<meta property=\"og:url\" content=\"https:\/\/park-palic.rs\/hr\/uredjenje-vikend-naselja-na-palicu-uklonjeno-jos-dva-oronula-objekta-uz-setalise\/\" \/>\n<meta property=\"og:site_name\" content=\"Park Pali\u0107\" \/>\n<meta property=\"article:publisher\" content=\"https:\/\/www.facebook.com\/ParkPalic\/\" \/>\n<meta property=\"article:published_time\" content=\"2023-07-05T16:49:34+00:00\" \/>\n<meta property=\"og:image\" content=\"https:\/\/park-palic.rs\/wp-content\/uploads\/2023\/07\/1067_1-4.jpg\" \/>\n\t<meta property=\"og:image:width\" content=\"1200\" \/>\n\t<meta property=\"og:image:height\" content=\"675\" \/>\n\t<meta property=\"og:image:type\" content=\"image\/jpeg\" \/>\n<meta name=\"author\" content=\"master\" \/>\n<meta name=\"twitter:card\" content=\"summary_large_image\" \/>\n<meta name=\"twitter:label1\" content=\"Napisao\/la\" \/>\n\t<meta name=\"twitter:data1\" content=\"master\" \/>\n<script type=\"application\/ld+json\" class=\"yoast-schema-graph\">{\"@context\":\"https:\/\/schema.org\",\"@graph\":[{\"@type\":\"Article\",\"@id\":\"https:\/\/park-palic.rs\/hr\/uredjenje-vikend-naselja-na-palicu-uklonjeno-jos-dva-oronula-objekta-uz-setalise\/#article\",\"isPartOf\":{\"@id\":\"https:\/\/park-palic.rs\/hr\/uredjenje-vikend-naselja-na-palicu-uklonjeno-jos-dva-oronula-objekta-uz-setalise\/\"},\"author\":{\"name\":\"master\",\"@id\":\"https:\/\/park-palic.rs\/#\/schema\/person\/6b052e48a70e5de1c2868efc79554c47\"},\"headline\":\"Ure\u0111enje Vikend naselja na Pali\u0107u: Uklonjeno jo\u0161 dva oronula objekta uz \u0161etali\u0161e\",\"datePublished\":\"2023-07-05T16:49:34+00:00\",\"mainEntityOfPage\":{\"@id\":\"https:\/\/park-palic.rs\/hr\/uredjenje-vikend-naselja-na-palicu-uklonjeno-jos-dva-oronula-objekta-uz-setalise\/\"},\"wordCount\":299,\"commentCount\":0,\"image\":{\"@id\":\"https:\/\/park-palic.rs\/hr\/uredjenje-vikend-naselja-na-palicu-uklonjeno-jos-dva-oronula-objekta-uz-setalise\/#primaryimage\"},\"thumbnailUrl\":\"https:\/\/park-palic.rs\/wp-content\/uploads\/2023\/07\/1067_1-4.jpg\",\"articleSection\":[\"Vijesti\"],\"inLanguage\":\"hr\",\"potentialAction\":[{\"@type\":\"CommentAction\",\"name\":\"Comment\",\"target\":[\"https:\/\/park-palic.rs\/hr\/uredjenje-vikend-naselja-na-palicu-uklonjeno-jos-dva-oronula-objekta-uz-setalise\/#respond\"]}]},{\"@type\":\"WebPage\",\"@id\":\"https:\/\/park-palic.rs\/hr\/uredjenje-vikend-naselja-na-palicu-uklonjeno-jos-dva-oronula-objekta-uz-setalise\/\",\"url\":\"https:\/\/park-palic.rs\/hr\/uredjenje-vikend-naselja-na-palicu-uklonjeno-jos-dva-oronula-objekta-uz-setalise\/\",\"name\":\"\u0423\u0440\u0435\u0452\u0435\u045a\u0435 \u0412\u0438\u043a\u0435\u043d\u0434 \u043d\u0430\u0441\u0435\u0459\u0430 \u043d\u0430 \u041f\u0430\u043b\u0438\u045b\u0443: \u0423\u043a\u043b\u043e\u045a\u0435\u043d\u043e \u0458\u043e\u0448 \u0434\u0432\u0430 \u043e\u0440\u043e\u043d\u0443\u043b\u0430 \u043e\u0431\u0458\u0435\u043a\u0442\u0430 \u0443\u0437 \u0448\u0435\u0442\u0430\u043b\u0438\u0448\u0435 - Park Pali\u0107\",\"isPartOf\":{\"@id\":\"https:\/\/park-palic.rs\/#website\"},\"primaryImageOfPage\":{\"@id\":\"https:\/\/park-palic.rs\/hr\/uredjenje-vikend-naselja-na-palicu-uklonjeno-jos-dva-oronula-objekta-uz-setalise\/#primaryimage\"},\"image\":{\"@id\":\"https:\/\/park-palic.rs\/hr\/uredjenje-vikend-naselja-na-palicu-uklonjeno-jos-dva-oronula-objekta-uz-setalise\/#primaryimage\"},\"thumbnailUrl\":\"https:\/\/park-palic.rs\/wp-content\/uploads\/2023\/07\/1067_1-4.jpg\",\"datePublished\":\"2023-07-05T16:49:34+00:00\",\"author\":{\"@id\":\"https:\/\/park-palic.rs\/#\/schema\/person\/6b052e48a70e5de1c2868efc79554c47\"},\"breadcrumb\":{\"@id\":\"https:\/\/park-palic.rs\/hr\/uredjenje-vikend-naselja-na-palicu-uklonjeno-jos-dva-oronula-objekta-uz-setalise\/#breadcrumb\"},\"inLanguage\":\"hr\",\"potentialAction\":[{\"@type\":\"ReadAction\",\"target\":[\"https:\/\/park-palic.rs\/hr\/uredjenje-vikend-naselja-na-palicu-uklonjeno-jos-dva-oronula-objekta-uz-setalise\/\"]}]},{\"@type\":\"ImageObject\",\"inLanguage\":\"hr\",\"@id\":\"https:\/\/park-palic.rs\/hr\/uredjenje-vikend-naselja-na-palicu-uklonjeno-jos-dva-oronula-objekta-uz-setalise\/#primaryimage\",\"url\":\"https:\/\/park-palic.rs\/wp-content\/uploads\/2023\/07\/1067_1-4.jpg\",\"contentUrl\":\"https:\/\/park-palic.rs\/wp-content\/uploads\/2023\/07\/1067_1-4.jpg\",\"width\":1200,\"height\":675},{\"@type\":\"BreadcrumbList\",\"@id\":\"https:\/\/park-palic.rs\/hr\/uredjenje-vikend-naselja-na-palicu-uklonjeno-jos-dva-oronula-objekta-uz-setalise\/#breadcrumb\",\"itemListElement\":[{\"@type\":\"ListItem\",\"position\":1,\"name\":\"Po\u010detna\",\"item\":\"https:\/\/park-palic.rs\/hr\/\"},{\"@type\":\"ListItem\",\"position\":2,\"name\":\"Ure\u0111enje Vikend naselja na Pali\u0107u: Uklonjeno jo\u0161 dva oronula objekta uz \u0161etali\u0161e\"}]},{\"@type\":\"WebSite\",\"@id\":\"https:\/\/park-palic.rs\/#website\",\"url\":\"https:\/\/park-palic.rs\/\",\"name\":\"Park Pali\u0107\",\"description\":\"\",\"potentialAction\":[{\"@type\":\"SearchAction\",\"target\":{\"@type\":\"EntryPoint\",\"urlTemplate\":\"https:\/\/park-palic.rs\/?s={search_term_string}\"},\"query-input\":{\"@type\":\"PropertyValueSpecification\",\"valueRequired\":true,\"valueName\":\"search_term_string\"}}],\"inLanguage\":\"hr\"},{\"@type\":\"Person\",\"@id\":\"https:\/\/park-palic.rs\/#\/schema\/person\/6b052e48a70e5de1c2868efc79554c47\",\"name\":\"master\",\"image\":{\"@type\":\"ImageObject\",\"inLanguage\":\"hr\",\"@id\":\"https:\/\/park-palic.rs\/#\/schema\/person\/image\/\",\"url\":\"https:\/\/secure.gravatar.com\/avatar\/034306be1231af192c04a87ff1df92844088c3ba951f6837b993dd6c6ffaac8b?s=96&d=mm&r=g\",\"contentUrl\":\"https:\/\/secure.gravatar.com\/avatar\/034306be1231af192c04a87ff1df92844088c3ba951f6837b993dd6c6ffaac8b?s=96&d=mm&r=g\",\"caption\":\"master\"},\"sameAs\":[\"http:\/\/localhost:8086\"],\"url\":\"https:\/\/park-palic.rs\/hr\/author\/master\/\"}]}<\/script>\n<!-- \/ Yoast SEO plugin. -->","yoast_head_json":{"title":"\u0423\u0440\u0435\u0452\u0435\u045a\u0435 \u0412\u0438\u043a\u0435\u043d\u0434 \u043d\u0430\u0441\u0435\u0459\u0430 \u043d\u0430 \u041f\u0430\u043b\u0438\u045b\u0443: \u0423\u043a\u043b\u043e\u045a\u0435\u043d\u043e \u0458\u043e\u0448 \u0434\u0432\u0430 \u043e\u0440\u043e\u043d\u0443\u043b\u0430 \u043e\u0431\u0458\u0435\u043a\u0442\u0430 \u0443\u0437 \u0448\u0435\u0442\u0430\u043b\u0438\u0448\u0435 - Park Pali\u0107","robots":{"index":"index","follow":"follow","max-snippet":"max-snippet:-1","max-image-preview":"max-image-preview:large","max-video-preview":"max-video-preview:-1"},"canonical":"https:\/\/park-palic.rs\/hr\/uredjenje-vikend-naselja-na-palicu-uklonjeno-jos-dva-oronula-objekta-uz-setalise\/","og_locale":"hr_HR","og_type":"article","og_title":"\u0423\u0440\u0435\u0452\u0435\u045a\u0435 \u0412\u0438\u043a\u0435\u043d\u0434 \u043d\u0430\u0441\u0435\u0459\u0430 \u043d\u0430 \u041f\u0430\u043b\u0438\u045b\u0443: \u0423\u043a\u043b\u043e\u045a\u0435\u043d\u043e \u0458\u043e\u0448 \u0434\u0432\u0430 \u043e\u0440\u043e\u043d\u0443\u043b\u0430 \u043e\u0431\u0458\u0435\u043a\u0442\u0430 \u0443\u0437 \u0448\u0435\u0442\u0430\u043b\u0438\u0448\u0435 - Park Pali\u0107","og_description":"Pali\u0107, 5. jul \u2013 Nakon \u0161to je krajem juna uklanjanjem 13 oronulih objekta zavr\u0161ena prva faza radova, preduze\u0107e \u201ePark Pali\u0107\u201c d.o.o. nastavlja sa sprovo\u0111enjem projekta ure\u0111enja Vikend naselja na Pali\u0107u i intezivno radi na pronala\u017eenju na\u010dina i re\u0161enja za uklanjanje devastiranih i ru\u0161evnih objekata koji su u vlasni\u0161tvu pravnih ili privatnih lica. Polaze\u0107i od \u010dinjenice [&hellip;]","og_url":"https:\/\/park-palic.rs\/hr\/uredjenje-vikend-naselja-na-palicu-uklonjeno-jos-dva-oronula-objekta-uz-setalise\/","og_site_name":"Park Pali\u0107","article_publisher":"https:\/\/www.facebook.com\/ParkPalic\/","article_published_time":"2023-07-05T16:49:34+00:00","og_image":[{"width":1200,"height":675,"url":"https:\/\/park-palic.rs\/wp-content\/uploads\/2023\/07\/1067_1-4.jpg","type":"image\/jpeg"}],"author":"master","twitter_card":"summary_large_image","twitter_misc":{"Napisao\/la":"master"},"schema":{"@context":"https:\/\/schema.org","@graph":[{"@type":"Article","@id":"https:\/\/park-palic.rs\/hr\/uredjenje-vikend-naselja-na-palicu-uklonjeno-jos-dva-oronula-objekta-uz-setalise\/#article","isPartOf":{"@id":"https:\/\/park-palic.rs\/hr\/uredjenje-vikend-naselja-na-palicu-uklonjeno-jos-dva-oronula-objekta-uz-setalise\/"},"author":{"name":"master","@id":"https:\/\/park-palic.rs\/#\/schema\/person\/6b052e48a70e5de1c2868efc79554c47"},"headline":"Ure\u0111enje Vikend naselja na Pali\u0107u: Uklonjeno jo\u0161 dva oronula objekta uz \u0161etali\u0161e","datePublished":"2023-07-05T16:49:34+00:00","mainEntityOfPage":{"@id":"https:\/\/park-palic.rs\/hr\/uredjenje-vikend-naselja-na-palicu-uklonjeno-jos-dva-oronula-objekta-uz-setalise\/"},"wordCount":299,"commentCount":0,"image":{"@id":"https:\/\/park-palic.rs\/hr\/uredjenje-vikend-naselja-na-palicu-uklonjeno-jos-dva-oronula-objekta-uz-setalise\/#primaryimage"},"thumbnailUrl":"https:\/\/park-palic.rs\/wp-content\/uploads\/2023\/07\/1067_1-4.jpg","articleSection":["Vijesti"],"inLanguage":"hr","potentialAction":[{"@type":"CommentAction","name":"Comment","target":["https:\/\/park-palic.rs\/hr\/uredjenje-vikend-naselja-na-palicu-uklonjeno-jos-dva-oronula-objekta-uz-setalise\/#respond"]}]},{"@type":"WebPage","@id":"https:\/\/park-palic.rs\/hr\/uredjenje-vikend-naselja-na-palicu-uklonjeno-jos-dva-oronula-objekta-uz-setalise\/","url":"https:\/\/park-palic.rs\/hr\/uredjenje-vikend-naselja-na-palicu-uklonjeno-jos-dva-oronula-objekta-uz-setalise\/","name":"\u0423\u0440\u0435\u0452\u0435\u045a\u0435 \u0412\u0438\u043a\u0435\u043d\u0434 \u043d\u0430\u0441\u0435\u0459\u0430 \u043d\u0430 \u041f\u0430\u043b\u0438\u045b\u0443: \u0423\u043a\u043b\u043e\u045a\u0435\u043d\u043e \u0458\u043e\u0448 \u0434\u0432\u0430 \u043e\u0440\u043e\u043d\u0443\u043b\u0430 \u043e\u0431\u0458\u0435\u043a\u0442\u0430 \u0443\u0437 \u0448\u0435\u0442\u0430\u043b\u0438\u0448\u0435 - Park Pali\u0107","isPartOf":{"@id":"https:\/\/park-palic.rs\/#website"},"primaryImageOfPage":{"@id":"https:\/\/park-palic.rs\/hr\/uredjenje-vikend-naselja-na-palicu-uklonjeno-jos-dva-oronula-objekta-uz-setalise\/#primaryimage"},"image":{"@id":"https:\/\/park-palic.rs\/hr\/uredjenje-vikend-naselja-na-palicu-uklonjeno-jos-dva-oronula-objekta-uz-setalise\/#primaryimage"},"thumbnailUrl":"https:\/\/park-palic.rs\/wp-content\/uploads\/2023\/07\/1067_1-4.jpg","datePublished":"2023-07-05T16:49:34+00:00","author":{"@id":"https:\/\/park-palic.rs\/#\/schema\/person\/6b052e48a70e5de1c2868efc79554c47"},"breadcrumb":{"@id":"https:\/\/park-palic.rs\/hr\/uredjenje-vikend-naselja-na-palicu-uklonjeno-jos-dva-oronula-objekta-uz-setalise\/#breadcrumb"},"inLanguage":"hr","potentialAction":[{"@type":"ReadAction","target":["https:\/\/park-palic.rs\/hr\/uredjenje-vikend-naselja-na-palicu-uklonjeno-jos-dva-oronula-objekta-uz-setalise\/"]}]},{"@type":"ImageObject","inLanguage":"hr","@id":"https:\/\/park-palic.rs\/hr\/uredjenje-vikend-naselja-na-palicu-uklonjeno-jos-dva-oronula-objekta-uz-setalise\/#primaryimage","url":"https:\/\/park-palic.rs\/wp-content\/uploads\/2023\/07\/1067_1-4.jpg","contentUrl":"https:\/\/park-palic.rs\/wp-content\/uploads\/2023\/07\/1067_1-4.jpg","width":1200,"height":675},{"@type":"BreadcrumbList","@id":"https:\/\/park-palic.rs\/hr\/uredjenje-vikend-naselja-na-palicu-uklonjeno-jos-dva-oronula-objekta-uz-setalise\/#breadcrumb","itemListElement":[{"@type":"ListItem","position":1,"name":"Po\u010detna","item":"https:\/\/park-palic.rs\/hr\/"},{"@type":"ListItem","position":2,"name":"Ure\u0111enje Vikend naselja na Pali\u0107u: Uklonjeno jo\u0161 dva oronula objekta uz \u0161etali\u0161e"}]},{"@type":"WebSite","@id":"https:\/\/park-palic.rs\/#website","url":"https:\/\/park-palic.rs\/","name":"Park Pali\u0107","description":"","potentialAction":[{"@type":"SearchAction","target":{"@type":"EntryPoint","urlTemplate":"https:\/\/park-palic.rs\/?s={search_term_string}"},"query-input":{"@type":"PropertyValueSpecification","valueRequired":true,"valueName":"search_term_string"}}],"inLanguage":"hr"},{"@type":"Person","@id":"https:\/\/park-palic.rs\/#\/schema\/person\/6b052e48a70e5de1c2868efc79554c47","name":"master","image":{"@type":"ImageObject","inLanguage":"hr","@id":"https:\/\/park-palic.rs\/#\/schema\/person\/image\/","url":"https:\/\/secure.gravatar.com\/avatar\/034306be1231af192c04a87ff1df92844088c3ba951f6837b993dd6c6ffaac8b?s=96&d=mm&r=g","contentUrl":"https:\/\/secure.gravatar.com\/avatar\/034306be1231af192c04a87ff1df92844088c3ba951f6837b993dd6c6ffaac8b?s=96&d=mm&r=g","caption":"master"},"sameAs":["http:\/\/localhost:8086"],"url":"https:\/\/park-palic.rs\/hr\/author\/master\/"}]}},"_links":{"self":[{"href":"https:\/\/park-palic.rs\/hr\/wp-json\/wp\/v2\/posts\/11119","targetHints":{"allow":["GET"]}}],"collection":[{"href":"https:\/\/park-palic.rs\/hr\/wp-json\/wp\/v2\/posts"}],"about":[{"href":"https:\/\/park-palic.rs\/hr\/wp-json\/wp\/v2\/types\/post"}],"author":[{"embeddable":true,"href":"https:\/\/park-palic.rs\/hr\/wp-json\/wp\/v2\/users\/1"}],"replies":[{"embeddable":true,"href":"https:\/\/park-palic.rs\/hr\/wp-json\/wp\/v2\/comments?post=11119"}],"version-history":[{"count":0,"href":"https:\/\/park-palic.rs\/hr\/wp-json\/wp\/v2\/posts\/11119\/revisions"}],"wp:featuredmedia":[{"embeddable":true,"href":"https:\/\/park-palic.rs\/hr\/wp-json\/wp\/v2\/media\/7050"}],"wp:attachment":[{"href":"https:\/\/park-palic.rs\/hr\/wp-json\/wp\/v2\/media?parent=11119"}],"wp:term":[{"taxonomy":"category","embeddable":true,"href":"https:\/\/park-palic.rs\/hr\/wp-json\/wp\/v2\/categories?post=11119"},{"taxonomy":"post_tag","embeddable":true,"href":"https:\/\/park-palic.rs\/hr\/wp-json\/wp\/v2\/tags?post=11119"}],"curies":[{"name":"wp","href":"https:\/\/api.w.org\/{rel}","templated":true}]}}